{"id":1710,"date":"2024-12-16T10:09:51","date_gmt":"2024-12-16T07:09:51","guid":{"rendered":"https:\/\/pohjantaimi.fi\/?p=1710"},"modified":"2024-12-16T10:09:51","modified_gmt":"2024-12-16T07:09:51","slug":"tehtavamuutos-pohjan-taimi-oyssa","status":"publish","type":"post","link":"https:\/\/pohjantaimi.fi\/en\/tehtavamuutos-pohjan-taimi-oyssa\/","title":{"rendered":"Teht\u00e4v\u00e4muutos Pohjan Taimi Oy:ss\u00e4"},"content":{"rendered":"<p>Pohjan Taimi Oy:n uudeksi toimitusjohtajaksi on valittu Jaana Mannermaa. Jaana toimii t\u00e4ll\u00e4 hetkell\u00e4<br>yhti\u00f6ss\u00e4 myyntijohtajan teht\u00e4v\u00e4ss\u00e4. H\u00e4nell\u00e4 on yli 20 vuoden kokemus Pohjan Taimi Oy:n taimitarhoilla sek\u00e4 mets\u00e4nhoitopalveluissa. Teht\u00e4vi\u00e4 siirret\u00e4\u00e4n ja jaetaan liukuvasti nykyisen toimitusjohtajan valmistautuessa siirtym\u00e4\u00e4n el\u00e4kkeelle jo vuoden 2025 aikana.<\/p>","protected":false},"excerpt":{"rendered":"<p>Pohjan Taimi Oy:n uudeksi toimitusjohtajaksi on valittu Jaana Mannermaa. Jaana toimii t\u00e4ll\u00e4 hetkell\u00e4yhti\u00f6ss\u00e4 myyntijohtajan teht\u00e4v\u00e4ss\u00e4. H\u00e4nell\u00e4 on yli 20 vuoden kokemus Pohjan Taimi Oy:n taimitarhoilla sek\u00e4 mets\u00e4nhoitopalveluissa. Teht\u00e4vi\u00e4 siirret\u00e4\u00e4n ja jaetaan liukuvasti nykyisen toimitusjohtajan valmistautuessa siirtym\u00e4\u00e4n el\u00e4kkeelle jo vuoden 2025 aikana.<\/p>","protected":false},"author":5,"featured_media":0,"comment_status":"closed","ping_status":"","sticky":false,"template":"","format":"standard","meta":{"iawp_total_views":764,"footnotes":""},"categories":[1],"tags":[],"class_list":["post-1710","post","type-post","status-publish","format-standard","hentry","category-uncategorized"],"_links":{"self":[{"href":"https:\/\/pohjantaimi.fi\/en\/wp-json\/wp\/v2\/posts\/1710","targetHints":{"allow":["GET"]}}],"collection":[{"href":"https:\/\/pohjantaimi.fi\/en\/wp-json\/wp\/v2\/posts"}],"about":[{"href":"https:\/\/pohjantaimi.fi\/en\/wp-json\/wp\/v2\/types\/post"}],"author":[{"embeddable":true,"href":"https:\/\/pohjantaimi.fi\/en\/wp-json\/wp\/v2\/users\/5"}],"replies":[{"embeddable":true,"href":"https:\/\/pohjantaimi.fi\/en\/wp-json\/wp\/v2\/comments?post=1710"}],"version-history":[{"count":0,"href":"https:\/\/pohjantaimi.fi\/en\/wp-json\/wp\/v2\/posts\/1710\/revisions"}],"wp:attachment":[{"href":"https:\/\/pohjantaimi.fi\/en\/wp-json\/wp\/v2\/media?parent=1710"}],"wp:term":[{"taxonomy":"category","embeddable":true,"href":"https:\/\/pohjantaimi.fi\/en\/wp-json\/wp\/v2\/categories?post=1710"},{"taxonomy":"post_tag","embeddable":true,"href":"https:\/\/pohjantaimi.fi\/en\/wp-json\/wp\/v2\/tags?post=1710"}],"curies":[{"name":"wp","href":"https:\/\/api.w.org\/{rel}","templated":true}]}}